{"id":96,"date":"2015-03-03T02:51:37","date_gmt":"2015-03-03T02:51:37","guid":{"rendered":"http:\/\/www.asambleasaavedra.mdc.com.ar\/?p=96"},"modified":"2016-04-03T16:02:12","modified_gmt":"2016-04-03T16:02:12","slug":"llovio-poco-pero-la-ciudad-volvio-a-inundarse","status":"publish","type":"post","link":"http:\/\/asambleasaavedra.mdc.com.ar\/?p=96","title":{"rendered":"Llovi\u00f3 poco pero la Ciudad volvi\u00f3 a inundarse"},"content":{"rendered":"<header>\n<h1 class=\"title\">Llovi\u00f3 poco pero la Ciudad volvi\u00f3 a inundarse<\/h1>\n<p class=\"meta\">Escrito por Gestor.<\/p>\n<\/header>\n<div class=\"content clearfix\" data-twttr-id=\"twttr-sandbox-0\">\n<p style=\"text-align: justify;\"><a title=\"\" href=\"http:\/\/infoplatense.com.ar\/images\/lluvia_febrero_b.jpg\" target=\"_blank\" rel=\"lightbox\"><br \/>\n<\/a>La lluvia ca\u00edda en la madrugada de hoy, en la que se registraron 34 mil\u00edmetros seg\u00fan el municipio platense, volvi\u00f3 a generar alarma en gran parte de las localidades perif\u00e9ricas de la ciudad. En algunas zonas el agua super\u00f3 el metro de altura y los canales rebalsaron de punta a punta. En Berisso hay 40 evacuados.<\/p>\n<p style=\"text-align: justify;\">La tormenta desatada en la Regi\u00f3n, en horas de la madrugada, provoc\u00f3 inconvenientes en numerosos barrios. El <strong>anegamiento de calles y las crecidas de los arroyos<\/strong> alertaron a los vecinos, incluso se registraron sectores donde el agua alcanz\u00f3 niveles de hasta un metro e ingres\u00f3 a los hogares.<\/p>\n<p style=\"text-align: justify;\">Seg\u00fan dieron cuenta los damnificados, la abundante ca\u00edda de agua durante las primeras horas del jueves gener\u00f3 complicaciones en los barrios San Carlos, Gonnet, City Bell, Parque Castelli, La Loma, Gorina y Melchor Romero; tambi\u00e9n dieron cuenta de su malestar vecinos de distintas zonas de Ensenada y Berisso.<br \/>\n<a title=\"\" href=\"http:\/\/infoplatense.com.ar\/images\/lluvia_febrero.jpg\" target=\"_blank\" rel=\"lightbox\"><br \/>\n<\/a>Seg\u00fan denunciaron a INFOPLATENSE vecinos de <strong>44 y 143<\/strong> tuvieron que cortar el acceso a la ciudad en dicha altura a ra\u00edz de que el agua cubr\u00eda de punta a punta la avenida; mientras que en<strong> 27 y 502 <\/strong>el agua super\u00f3 el metro de altura y los vecinos tuvieron que abandonar sus viviendas a ra\u00edz de que hab\u00eda fallas el\u00e9ctricas y gener\u00f3 alarma en la zona.<\/p>\n<p style=\"text-align: justify;\">En tanto <strong>David<\/strong>, un vecino, precis\u00f3 que \u00abreci\u00e9n pase con el micro, las esquinas de 13 y 491, 493 y 496 inundadas y el paso bajo nivel de 7 y 509 tambi\u00e9n con agua\u00bb.<\/p>\n<p style=\"text-align: justify;\">A su vez,\u00a0<strong>Juan Pablo<\/strong>, detall\u00f3 a su vez que \u00abel agua ingres\u00f3 en la casa de vecinos en City Bell sobre 19 y 480\u00bb y<strong>Guillermo <\/strong>otro vecino de la zona norte lament\u00f3 que \u00abestuvimos una hora para poder salir de casa ya que el agua cruzaba de lado a lado la calle en 27 y 502\u00bb.<\/p>\n<p style=\"text-align: justify;\">Similar panorama vio esta ma\u00f1ana un vecinos en 2 y 68, donde se encontr\u00f3 que <strong>la calle estaba bloqueada por los propios frentistas<\/strong>, quienes con el agua en el interior de sus viviendas hab\u00edan impedido el acceso vehicular a la zona para evitar las olas que ocasionan los rodados a transitar por el agua.<br \/>\n<a title=\"\" href=\"http:\/\/infoplatense.com.ar\/images\/lluvia_febrero_d.jpg\" target=\"_blank\" rel=\"lightbox\"><br \/>\n<\/a>\u200bEn tanto, el Director de Defensa Civil de Berisso, <strong>Pablo Acosta<\/strong>, confirm\u00f3 que hasta el momento \u201chay 25 menores y 15 mayores <strong>evacuados <\/strong>fundamentalmente del Barrio Obrero, una zona muy baja de nuestra ciudad que siempre lamentablemente cuando llueve mucho y en poco tiempo, se inunda\u201d.<\/p>\n<p style=\"text-align: justify;\">En declaraciones a Radio Provincia, Acosta se\u00f1al\u00f3 que \u201cen una hora y media<strong> han ca\u00eddo casi 120 mm de agua<\/strong> y tenemos obras en plena ejecuci\u00f3n y calles que nunca se inundaban hoy se inundan, tenemos barrios muy bajos como el Barrio Obrero donde estamos evacuando gente ya que hay viviendas con medio metro de agua\u201d.<\/p>\n<h6 style=\"text-align: justify;\">Fuente: \u200bhttp:\/\/infoplatense.com.ar\/index.php\/modulo-3\/21301-llovio-y-volvio-a-inundarse-la-ciudad-hasta-un-metro-de-agua<\/h6>\n<p>&nbsp;<\/p>\n<\/div>\n<a class=\"synved-social-button synved-social-button-share synved-social-size-48 synved-social-resolution-single synved-social-provider-facebook nolightbox\" data-provider=\"facebook\" target=\"_blank\" rel=\"nofollow\" title=\"Share on Facebook\" href=\"http:\/\/www.facebook.com\/sharer.php?u=http%3A%2F%2Fasambleasaavedra.mdc.com.ar%2Findex.php%3Frest_route%3D%252Fwp%252Fv2%252Fposts%252F96&#038;t=Llovi%C3%B3%20poco%20pero%20la%20Ciudad%20volvi%C3%B3%20a%20inundarse&#038;s=100&#038;p&#091;url&#093;=http%3A%2F%2Fasambleasaavedra.mdc.com.ar%2Findex.php%3Frest_route%3D%252Fwp%252Fv2%252Fposts%252F96&#038;p&#091;images&#093;&#091;0&#093;=http%3A%2F%2Fasambleasaavedra.mdc.com.ar%2Fwp-content%2Fuploads%2Flluvia_febrero_b.jpg&#038;p&#091;title&#093;=Llovi%C3%B3%20poco%20pero%20la%20Ciudad%20volvi%C3%B3%20a%20inundarse\" style=\"font-size: 0px;width:48px;height:48px;margin:0;margin-bottom:5px;margin-right:5px\"><img loading=\"lazy\" decoding=\"async\" alt=\"Facebook\" title=\"Share on Facebook\" class=\"synved-share-image synved-social-image synved-social-image-share\" width=\"48\" height=\"48\" style=\"display: inline;width:48px;height:48px;margin: 0;padding: 0;border: none;box-shadow: none\" src=\"http:\/\/asambleasaavedra.mdc.com.ar\/wp-content\/plugins\/social-media-feather\/synved-social\/image\/social\/regular\/96x96\/facebook.png\" \/><\/a><a class=\"synved-social-button synved-social-button-share synved-social-size-48 synved-social-resolution-single synved-social-provider-twitter nolightbox\" data-provider=\"twitter\" target=\"_blank\" rel=\"nofollow\" title=\"Share on Twitter\" href=\"https:\/\/twitter.com\/intent\/tweet?url=http%3A%2F%2Fasambleasaavedra.mdc.com.ar%2Findex.php%3Frest_route%3D%252Fwp%252Fv2%252Fposts%252F96&#038;text=Hey%20check%20this%20out\" style=\"font-size: 0px;width:48px;height:48px;margin:0;margin-bottom:5px\"><img loading=\"lazy\" decoding=\"async\" alt=\"twitter\" title=\"Share on Twitter\" class=\"synved-share-image synved-social-image synved-social-image-share\" width=\"48\" height=\"48\" style=\"display: inline;width:48px;height:48px;margin: 0;padding: 0;border: none;box-shadow: none\" src=\"http:\/\/asambleasaavedra.mdc.com.ar\/wp-content\/plugins\/social-media-feather\/synved-social\/image\/social\/regular\/96x96\/twitter.png\" \/><\/a>","protected":false},"excerpt":{"rendered":"Llovi\u00f3 poco pero la Ciudad volvi\u00f3 a inundarse Escrito por Gestor. La lluvia ca\u00edda en la madrugada de hoy, en la que se \n<a class=\"moretag\" href=\"http:\/\/asambleasaavedra.mdc.com.ar\/?p=96\"> [...]<\/a>","protected":false},"author":1,"featured_media":97,"comment_status":"open","ping_status":"open","sticky":false,"template":"","format":"standard","meta":{"_exactmetrics_skip_tracking":false,"_exactmetrics_sitenote_active":false,"_exactmetrics_sitenote_note":"","_exactmetrics_sitenote_category":0,"footnotes":""},"categories":[5],"tags":[],"class_list":["post-96","post","type-post","status-publish","format-standard","has-post-thumbnail","hentry","category-noticias"],"_links":{"self":[{"href":"http:\/\/asambleasaavedra.mdc.com.ar\/index.php?rest_route=\/wp\/v2\/posts\/96","targetHints":{"allow":["GET"]}}],"collection":[{"href":"http:\/\/asambleasaavedra.mdc.com.ar\/index.php?rest_route=\/wp\/v2\/posts"}],"about":[{"href":"http:\/\/asambleasaavedra.mdc.com.ar\/index.php?rest_route=\/wp\/v2\/types\/post"}],"author":[{"embeddable":true,"href":"http:\/\/asambleasaavedra.mdc.com.ar\/index.php?rest_route=\/wp\/v2\/users\/1"}],"replies":[{"embeddable":true,"href":"http:\/\/asambleasaavedra.mdc.com.ar\/index.php?rest_route=%2Fwp%2Fv2%2Fcomments&post=96"}],"version-history":[{"count":3,"href":"http:\/\/asambleasaavedra.mdc.com.ar\/index.php?rest_route=\/wp\/v2\/posts\/96\/revisions"}],"predecessor-version":[{"id":208,"href":"http:\/\/asambleasaavedra.mdc.com.ar\/index.php?rest_route=\/wp\/v2\/posts\/96\/revisions\/208"}],"wp:featuredmedia":[{"embeddable":true,"href":"http:\/\/asambleasaavedra.mdc.com.ar\/index.php?rest_route=\/wp\/v2\/media\/97"}],"wp:attachment":[{"href":"http:\/\/asambleasaavedra.mdc.com.ar\/index.php?rest_route=%2Fwp%2Fv2%2Fmedia&parent=96"}],"wp:term":[{"taxonomy":"category","embeddable":true,"href":"http:\/\/asambleasaavedra.mdc.com.ar\/index.php?rest_route=%2Fwp%2Fv2%2Fcategories&post=96"},{"taxonomy":"post_tag","embeddable":true,"href":"http:\/\/asambleasaavedra.mdc.com.ar\/index.php?rest_route=%2Fwp%2Fv2%2Ftags&post=96"}],"curies":[{"name":"wp","href":"https:\/\/api.w.org\/{rel}","templated":true}]}}