{"id":498,"date":"2017-02-13T22:51:44","date_gmt":"2017-02-13T22:51:44","guid":{"rendered":"http:\/\/www.asambleasaavedra.mdc.com.ar\/?p=498"},"modified":"2017-02-13T22:58:37","modified_gmt":"2017-02-13T22:58:37","slug":"sin-logica-siguen-agravando-nuestros-problemas-de-riesgo-y-vulnerabilidad-en-el-barrio-de-saavedra","status":"publish","type":"post","link":"http:\/\/asambleasaavedra.mdc.com.ar\/?p=498","title":{"rendered":"Sin \u201cL\u00f3gica\u201d, siguen agravando nuestros problemas de riesgo y vulnerabilidad en el Barrio de Saavedra."},"content":{"rendered":"<p style=\"text-align: justify;\">Arriesgamos una teor\u00eda sobre porque bajan el nivel de la calle bajo el puente de Ruiz Huidobro.<\/p>\n<p style=\"text-align: justify;\">Calculamos que la obra del t\u00fanel de Balb\u00edn va demorar un tiempito.<\/p>\n<p style=\"text-align: justify;\">En la justificaci\u00f3n de la obra del t\u00fanel, el GCBA argument\u00f3 que la Av. Balb\u00edn era un paso necesario para llegar al CEMIC.<\/p>\n<p style=\"text-align: justify;\">Creemos que se dieron cuenta que no tendr\u00edan otro acceso para ambulancias m\u00e1s que Cris\u00f3logo Larralde.<\/p>\n<p style=\"text-align: justify;\">Este razonamiento nos parece l\u00f3gico, lo que no parece l\u00f3gico es que cuando planteamos que el Paso a Nivel de Balb\u00edn era el \u00fanico acceso a la zona m\u00e1s vulnerable en eventos de inundaci\u00f3n, adem\u00e1s de el lugar desde donde operaron los organismos de emergencia el 2 de abril de 2013, no tuvieron en cuenta nuestra experiencia vivencial.<\/p>\n<p style=\"text-align: justify;\">Cuando el t\u00fanel que est\u00e1n haciendo en Balb\u00edn est\u00e9 lleno de agua, (porque no hay dudas que se va a inundar), esta bajada de nivel que le est\u00e1n haciendo a Ruiz Huidobro tampoco va servir, ni a ellos, ni a nosotros, ya que va a juntar m\u00e1s agua que antes. Ellos no podr\u00e1n llegar, y nosotros quedaremos atrapados.<\/p>\n<p style=\"text-align: justify;\">Lamentablemente desde el gobierno de la Ciudad Aut\u00f3noma de Buenos Aires, invitan a eventos sobre Planes de Contingencia en la Comuna 12, s\u00f3lo como una formalidad, los problemas reales no los tienen en cuenta, y lo que es peor, los agravan.<\/p>\n<a class=\"synved-social-button synved-social-button-share synved-social-size-48 synved-social-resolution-single synved-social-provider-facebook nolightbox\" data-provider=\"facebook\" target=\"_blank\" rel=\"nofollow\" title=\"Share on Facebook\" href=\"http:\/\/www.facebook.com\/sharer.php?u=http%3A%2F%2Fasambleasaavedra.mdc.com.ar%2Findex.php%3Frest_route%3D%252Fwp%252Fv2%252Fposts%252F498&#038;t=Sin%20%E2%80%9CL%C3%B3gica%E2%80%9D%2C%20siguen%20agravando%20nuestros%20problemas%20de%20riesgo%20y%20vulnerabilidad%20en%20el%20Barrio%20de%20Saavedra.&#038;s=100&#038;p&#091;url&#093;=http%3A%2F%2Fasambleasaavedra.mdc.com.ar%2Findex.php%3Frest_route%3D%252Fwp%252Fv2%252Fposts%252F498&#038;p&#091;images&#093;&#091;0&#093;=http%3A%2F%2Fasambleasaavedra.mdc.com.ar%2Fwp-content%2Fuploads%2Ftunel3.jpg&#038;p&#091;title&#093;=Sin%20%E2%80%9CL%C3%B3gica%E2%80%9D%2C%20siguen%20agravando%20nuestros%20problemas%20de%20riesgo%20y%20vulnerabilidad%20en%20el%20Barrio%20de%20Saavedra.\" style=\"font-size: 0px;width:48px;height:48px;margin:0;margin-bottom:5px;margin-right:5px\"><img loading=\"lazy\" decoding=\"async\" alt=\"Facebook\" title=\"Share on Facebook\" class=\"synved-share-image synved-social-image synved-social-image-share\" width=\"48\" height=\"48\" style=\"display: inline;width:48px;height:48px;margin: 0;padding: 0;border: none;box-shadow: none\" src=\"http:\/\/asambleasaavedra.mdc.com.ar\/wp-content\/plugins\/social-media-feather\/synved-social\/image\/social\/regular\/96x96\/facebook.png\" \/><\/a><a class=\"synved-social-button synved-social-button-share synved-social-size-48 synved-social-resolution-single synved-social-provider-twitter nolightbox\" data-provider=\"twitter\" target=\"_blank\" rel=\"nofollow\" title=\"Share on Twitter\" href=\"https:\/\/twitter.com\/intent\/tweet?url=http%3A%2F%2Fasambleasaavedra.mdc.com.ar%2Findex.php%3Frest_route%3D%252Fwp%252Fv2%252Fposts%252F498&#038;text=Hey%20check%20this%20out\" style=\"font-size: 0px;width:48px;height:48px;margin:0;margin-bottom:5px\"><img loading=\"lazy\" decoding=\"async\" alt=\"twitter\" title=\"Share on Twitter\" class=\"synved-share-image synved-social-image synved-social-image-share\" width=\"48\" height=\"48\" style=\"display: inline;width:48px;height:48px;margin: 0;padding: 0;border: none;box-shadow: none\" src=\"http:\/\/asambleasaavedra.mdc.com.ar\/wp-content\/plugins\/social-media-feather\/synved-social\/image\/social\/regular\/96x96\/twitter.png\" \/><\/a>","protected":false},"excerpt":{"rendered":"Arriesgamos una teor\u00eda sobre porque bajan el nivel de la calle bajo el puente de Ruiz Huidobro. Calculamos que la obra del t\u00fanel \n<a class=\"moretag\" href=\"http:\/\/asambleasaavedra.mdc.com.ar\/?p=498\"> [...]<\/a>","protected":false},"author":1,"featured_media":493,"comment_status":"open","ping_status":"open","sticky":false,"template":"","format":"standard","meta":{"_exactmetrics_skip_tracking":false,"_exactmetrics_sitenote_active":false,"_exactmetrics_sitenote_note":"","_exactmetrics_sitenote_category":0,"footnotes":""},"categories":[5],"tags":[],"class_list":["post-498","post","type-post","status-publish","format-standard","has-post-thumbnail","hentry","category-noticias"],"_links":{"self":[{"href":"http:\/\/asambleasaavedra.mdc.com.ar\/index.php?rest_route=\/wp\/v2\/posts\/498","targetHints":{"allow":["GET"]}}],"collection":[{"href":"http:\/\/asambleasaavedra.mdc.com.ar\/index.php?rest_route=\/wp\/v2\/posts"}],"about":[{"href":"http:\/\/asambleasaavedra.mdc.com.ar\/index.php?rest_route=\/wp\/v2\/types\/post"}],"author":[{"embeddable":true,"href":"http:\/\/asambleasaavedra.mdc.com.ar\/index.php?rest_route=\/wp\/v2\/users\/1"}],"replies":[{"embeddable":true,"href":"http:\/\/asambleasaavedra.mdc.com.ar\/index.php?rest_route=%2Fwp%2Fv2%2Fcomments&post=498"}],"version-history":[{"count":1,"href":"http:\/\/asambleasaavedra.mdc.com.ar\/index.php?rest_route=\/wp\/v2\/posts\/498\/revisions"}],"predecessor-version":[{"id":499,"href":"http:\/\/asambleasaavedra.mdc.com.ar\/index.php?rest_route=\/wp\/v2\/posts\/498\/revisions\/499"}],"wp:featuredmedia":[{"embeddable":true,"href":"http:\/\/asambleasaavedra.mdc.com.ar\/index.php?rest_route=\/wp\/v2\/media\/493"}],"wp:attachment":[{"href":"http:\/\/asambleasaavedra.mdc.com.ar\/index.php?rest_route=%2Fwp%2Fv2%2Fmedia&parent=498"}],"wp:term":[{"taxonomy":"category","embeddable":true,"href":"http:\/\/asambleasaavedra.mdc.com.ar\/index.php?rest_route=%2Fwp%2Fv2%2Fcategories&post=498"},{"taxonomy":"post_tag","embeddable":true,"href":"http:\/\/asambleasaavedra.mdc.com.ar\/index.php?rest_route=%2Fwp%2Fv2%2Ftags&post=498"}],"curies":[{"name":"wp","href":"https:\/\/api.w.org\/{rel}","templated":true}]}}