{"id":378,"date":"2016-05-24T02:14:31","date_gmt":"2016-05-24T02:14:31","guid":{"rendered":"http:\/\/www.asambleasaavedra.mdc.com.ar\/?p=378"},"modified":"2016-06-06T18:20:18","modified_gmt":"2016-06-06T18:20:18","slug":"la-unica-puesta-en-valor-valida-es-hacer-las-obras-que-aseguren-que-saavedra-no-se-va-a-volver-a-inundar","status":"publish","type":"post","link":"http:\/\/asambleasaavedra.mdc.com.ar\/?p=378","title":{"rendered":"LA \u00daNICA PUESTA EN VALOR VALIDA ES HACER LAS OBRAS QUE ASEGUREN QUE SAAVEDRA NO SE VA A VOLVER A INUNDAR."},"content":{"rendered":"<h1 style=\"text-align: center;\">LA \u00daNICA PUESTA EN VALOR VALIDA ES HACER LAS OBRAS QUE ASEGUREN QUE SAAVEDRA NO SE VA A VOLVER A INUNDAR.<\/h1>\n<p><iframe loading=\"lazy\" width=\"747\" height=\"420\" src=\"https:\/\/www.youtube.com\/embed\/7uejqeH1nAo?feature=oembed\" frameborder=\"0\" allowfullscreen><\/iframe><\/p>\n<p style=\"text-align: justify;\">Respecto de la invitaci\u00f3n del GOBIERNO DE LA CIUDAD AUTONOMA DE BUENOS AIRES a la reuni\u00f3n sobre \u00abla Puesta en valor\u00bb, de nuestro Parque:<\/p>\n<p style=\"text-align: justify;\">Toda modificaci\u00f3n en una zona inundable, de alto riesgo, debe ser concebida priorizando la vulnerabilidad de dicha zona, el parque Saavedra no puede ceder ni un cent\u00edmetro de espacio verde, que impida el escurrimiento y la absorci\u00f3n de la aguas. Tampoco puede ser enrejado, ya que constituir\u00eda una barrera de contenci\u00f3n de todo lo que arrastra el agua en la inundaci\u00f3n, generando un dique. Hay otras obras proyectadas que consideran la problem\u00e1tica, respetando el Parque como tal. No son necesarios bares, s\u00f3lo hace falta que se ocupen de cuidar lo que est\u00e1.<\/p>\n<p style=\"text-align: justify;\">Los <strong>Vecinos Inundados Autoconvocados de la Asamblea Saavedra<\/strong>, vamos a solicitar la intervenci\u00f3n del <strong>Defensor del Pueblo de la Ciudad de Aut\u00f3noma de Buenos Aires<\/strong>, a la brevedad difundiremos el documento para presentar al defensor para lo cual convocaremos a los vecinos a juntar firmas, como ya lo hicimos en otra oportunidad, en la cual el defensor solicito la creaci\u00f3n del comit\u00e9 interjurisdiccional de la Cuenca del Arroyo Medrano.<\/p>\n<h1 style=\"text-align: center;\">LA \u00daNICA PUESTA EN VALOR VALIDA<br \/>\nES HACER LAS OBRAS QUE ASEGUREN QUE SAAVEDRA<br \/>\nNO SE VA A VOLVER A INUNDAR Y<br \/>\nQUE LE DE VALOR A LA VIDA DE LAS PERSONAS<br \/>\nY A UN HABITAT DIGNO PARA LOS VECINOS DE SAAVEDRA.<\/h1>\n<p style=\"text-align: center;\"><a href=\"http:\/\/www.asambleasaavedra.mdc.com.ar\/wp-content\/uploads\/logofi.jpg\" rel=\"attachment wp-att-199\"><img loading=\"lazy\" decoding=\"async\" class=\"alignnone size-full wp-image-199\" src=\"http:\/\/www.asambleasaavedra.mdc.com.ar\/wp-content\/uploads\/logofi.jpg\" alt=\"logofi\" width=\"421\" height=\"85\" \/><\/a><\/p>\n<p style=\"text-align: center;\"><a href=\"mailto:info@asambleasaavedra.com.ar\">info@asambleasaavedra.com.ar<\/a><\/p>\n<a class=\"synved-social-button synved-social-button-share synved-social-size-48 synved-social-resolution-single synved-social-provider-facebook nolightbox\" data-provider=\"facebook\" target=\"_blank\" rel=\"nofollow\" title=\"Share on Facebook\" href=\"http:\/\/www.facebook.com\/sharer.php?u=http%3A%2F%2Fasambleasaavedra.mdc.com.ar%2Findex.php%3Frest_route%3D%252Fwp%252Fv2%252Fposts%252F378&#038;t=LA%20%C3%9ANICA%20PUESTA%20EN%20VALOR%20VALIDA%20ES%20HACER%20LAS%20OBRAS%20QUE%20ASEGUREN%20QUE%20SAAVEDRA%20NO%20SE%20VA%20A%20VOLVER%20A%20INUNDAR.&#038;s=100&#038;p&#091;url&#093;=http%3A%2F%2Fasambleasaavedra.mdc.com.ar%2Findex.php%3Frest_route%3D%252Fwp%252Fv2%252Fposts%252F378&#038;p&#091;images&#093;&#091;0&#093;=http%3A%2F%2Fasambleasaavedra.mdc.com.ar%2Fwp-content%2Fuploads%2Fsaaasa.jpg&#038;p&#091;title&#093;=LA%20%C3%9ANICA%20PUESTA%20EN%20VALOR%20VALIDA%20ES%20HACER%20LAS%20OBRAS%20QUE%20ASEGUREN%20QUE%20SAAVEDRA%20NO%20SE%20VA%20A%20VOLVER%20A%20INUNDAR.\" style=\"font-size: 0px;width:48px;height:48px;margin:0;margin-bottom:5px;margin-right:5px\"><img loading=\"lazy\" decoding=\"async\" alt=\"Facebook\" title=\"Share on Facebook\" class=\"synved-share-image synved-social-image synved-social-image-share\" width=\"48\" height=\"48\" style=\"display: inline;width:48px;height:48px;margin: 0;padding: 0;border: none;box-shadow: none\" src=\"http:\/\/asambleasaavedra.mdc.com.ar\/wp-content\/plugins\/social-media-feather\/synved-social\/image\/social\/regular\/96x96\/facebook.png\" \/><\/a><a class=\"synved-social-button synved-social-button-share synved-social-size-48 synved-social-resolution-single synved-social-provider-twitter nolightbox\" data-provider=\"twitter\" target=\"_blank\" rel=\"nofollow\" title=\"Share on Twitter\" href=\"https:\/\/twitter.com\/intent\/tweet?url=http%3A%2F%2Fasambleasaavedra.mdc.com.ar%2Findex.php%3Frest_route%3D%252Fwp%252Fv2%252Fposts%252F378&#038;text=Hey%20check%20this%20out\" style=\"font-size: 0px;width:48px;height:48px;margin:0;margin-bottom:5px\"><img loading=\"lazy\" decoding=\"async\" alt=\"twitter\" title=\"Share on Twitter\" class=\"synved-share-image synved-social-image synved-social-image-share\" width=\"48\" height=\"48\" style=\"display: inline;width:48px;height:48px;margin: 0;padding: 0;border: none;box-shadow: none\" src=\"http:\/\/asambleasaavedra.mdc.com.ar\/wp-content\/plugins\/social-media-feather\/synved-social\/image\/social\/regular\/96x96\/twitter.png\" \/><\/a>","protected":false},"excerpt":{"rendered":"LA \u00daNICA PUESTA EN VALOR VALIDA ES HACER LAS OBRAS QUE ASEGUREN QUE SAAVEDRA NO SE VA A VOLVER A INUNDAR. Respecto de \n<a class=\"moretag\" href=\"http:\/\/asambleasaavedra.mdc.com.ar\/?p=378\"> [...]<\/a>","protected":false},"author":1,"featured_media":379,"comment_status":"open","ping_status":"open","sticky":false,"template":"","format":"standard","meta":{"_exactmetrics_skip_tracking":false,"_exactmetrics_sitenote_active":false,"_exactmetrics_sitenote_note":"","_exactmetrics_sitenote_category":0,"footnotes":""},"categories":[3,11,1],"tags":[],"class_list":["post-378","post","type-post","status-publish","format-standard","has-post-thumbnail","hentry","category-asamblea","category-informes","category-sin-categoria"],"_links":{"self":[{"href":"http:\/\/asambleasaavedra.mdc.com.ar\/index.php?rest_route=\/wp\/v2\/posts\/378","targetHints":{"allow":["GET"]}}],"collection":[{"href":"http:\/\/asambleasaavedra.mdc.com.ar\/index.php?rest_route=\/wp\/v2\/posts"}],"about":[{"href":"http:\/\/asambleasaavedra.mdc.com.ar\/index.php?rest_route=\/wp\/v2\/types\/post"}],"author":[{"embeddable":true,"href":"http:\/\/asambleasaavedra.mdc.com.ar\/index.php?rest_route=\/wp\/v2\/users\/1"}],"replies":[{"embeddable":true,"href":"http:\/\/asambleasaavedra.mdc.com.ar\/index.php?rest_route=%2Fwp%2Fv2%2Fcomments&post=378"}],"version-history":[{"count":3,"href":"http:\/\/asambleasaavedra.mdc.com.ar\/index.php?rest_route=\/wp\/v2\/posts\/378\/revisions"}],"predecessor-version":[{"id":382,"href":"http:\/\/asambleasaavedra.mdc.com.ar\/index.php?rest_route=\/wp\/v2\/posts\/378\/revisions\/382"}],"wp:featuredmedia":[{"embeddable":true,"href":"http:\/\/asambleasaavedra.mdc.com.ar\/index.php?rest_route=\/wp\/v2\/media\/379"}],"wp:attachment":[{"href":"http:\/\/asambleasaavedra.mdc.com.ar\/index.php?rest_route=%2Fwp%2Fv2%2Fmedia&parent=378"}],"wp:term":[{"taxonomy":"category","embeddable":true,"href":"http:\/\/asambleasaavedra.mdc.com.ar\/index.php?rest_route=%2Fwp%2Fv2%2Fcategories&post=378"},{"taxonomy":"post_tag","embeddable":true,"href":"http:\/\/asambleasaavedra.mdc.com.ar\/index.php?rest_route=%2Fwp%2Fv2%2Ftags&post=378"}],"curies":[{"name":"wp","href":"https:\/\/api.w.org\/{rel}","templated":true}]}}