{"id":146,"date":"2015-11-14T21:41:02","date_gmt":"2015-11-14T21:41:02","guid":{"rendered":"http:\/\/www.asambleasaavedra.mdc.com.ar\/?p=146"},"modified":"2020-08-13T09:47:18","modified_gmt":"2020-08-13T09:47:18","slug":"taller-sobre-riesgo-de-inundaciones-en-saavedra","status":"publish","type":"post","link":"http:\/\/asambleasaavedra.mdc.com.ar\/?p=146","title":{"rendered":"Taller sobre riesgo de inundaciones en Saavedra"},"content":{"rendered":"<div id=\"post-body-8188767878267970619\" class=\"post-body entry-content\">\n<div>\n<table class=\"tr-caption-container\" cellspacing=\"0\" cellpadding=\"0\" align=\"center\">\n<tbody>\n<tr>\n<td><\/td>\n<\/tr>\n<tr>\n<td class=\"tr-caption\">Inundaci\u00f3n en el barrio Saavedra, Ciudad de Buenos Aires, abril 2013<\/td>\n<\/tr>\n<\/tbody>\n<\/table>\n<\/div>\n<div><\/div>\n<div style=\"text-align: justify;\">El s\u00e1bado 15 de agosto la Asamblea de vecinos inundados de Saavedra junto con Anticipando la crecida. Docentes, investigadores y estudiantes del Departamento de Ciencias de la Atm\u00f3sfera y los Oc\u00e9anos (Facultad de Ciencias Exactas y Naturales-UBA), del Centro de Investigaciones del Mar y de la Atm\u00f3sfera (CONICET-UBA), del Programa de Investigaciones en Recursos Naturales y Ambiente del Instituto de Geograf\u00eda (PIRNA de Facultad de Filosof\u00eda y Letras &#8211; UBA), del Instituto Nacional del Agua (INA), de la Facultad de Ingenier\u00eda (FI-UBA), del Instituto Geogr\u00e1fico Nacional (IGN).<\/div>\n<p style=\"text-align: justify;\">M\u00e1s la colaboraci\u00f3n de investigadores y personal t\u00e9cnico del Servicio Meteorol\u00f3gico Nacional (SMN) y del Servicio de Hidrograf\u00eda Naval (SHN). Realizamos un Taller participativo Sobre \u00abRiesgo de inundaciones en Saavedra\u00bb con vecinos afectados por inundaciones por el Arroyo Medrano de Saavedra y Barrio Mitre.<\/p>\n<div style=\"text-align: justify;\">El taller se dividi\u00f3 en dos partes, en la primera se trabaj\u00f3 sobre el \u00abAlerta\u00bb, nos explicaron sobre la lectura de los datos climatol\u00f3gicos, la transmisi\u00f3n de los mismos, y la comunicaci\u00f3n a los organismos de emergencia y a la sociedad. La segunda parte fue netamente participativa de los vecinos. Sobre un mapa de toda la zona afectada por el Medrano, cada vecino ubic\u00f3 su casa, lo sectores por donde empieza a salir el agua del Arroyo, los factores que considera provocan la inundaci\u00f3n. Por \u00faltimo sombreamos los sectores que siempre se inundan y los que se inundan a veces. El resultado de este Taller se ver\u00e1 reflejado en un informe de los especialistas de estas entidades oficiales, que seguramente nos ayudar\u00e1 en la concreci\u00f3n de un Plan de contingencia que al d\u00eda de hoy no existe para nuestro barrio. El Taller se realiz\u00f3 en la Biblioteca Popular Saavedra, a la cual le agradecemos por facilitar el espacio.<\/div>\n<\/div>\n<p><a href=\"http:\/\/www.asambleasaavedra.mdc.com.ar\/wp-content\/uploads\/taller-3.jpg\"><img loading=\"lazy\" decoding=\"async\" class=\" wp-image-154 aligncenter\" src=\"http:\/\/www.asambleasaavedra.mdc.com.ar\/wp-content\/uploads\/taller-3-300x225.jpg\" alt=\"taller 3\" width=\"407\" height=\"305\" srcset=\"http:\/\/asambleasaavedra.mdc.com.ar\/wp-content\/uploads\/taller-3-300x225.jpg 300w, http:\/\/asambleasaavedra.mdc.com.ar\/wp-content\/uploads\/taller-3.jpg 448w\" sizes=\"auto, (max-width: 407px) 100vw, 407px\" \/><\/a><\/p>\n<p><a href=\"http:\/\/www.asambleasaavedra.mdc.com.ar\/wp-content\/uploads\/taller-1.jpg\"><img loading=\"lazy\" decoding=\"async\" class=\" wp-image-153 aligncenter\" src=\"http:\/\/www.asambleasaavedra.mdc.com.ar\/wp-content\/uploads\/taller-1-300x225.jpg\" alt=\"taller 1\" width=\"414\" height=\"310\" srcset=\"http:\/\/asambleasaavedra.mdc.com.ar\/wp-content\/uploads\/taller-1-300x225.jpg 300w, http:\/\/asambleasaavedra.mdc.com.ar\/wp-content\/uploads\/taller-1.jpg 448w\" sizes=\"auto, (max-width: 414px) 100vw, 414px\" \/><\/a><\/p>\n<p><a href=\"http:\/\/www.asambleasaavedra.mdc.com.ar\/wp-content\/uploads\/Taller-6.jpg\"><img loading=\"lazy\" decoding=\"async\" class=\" wp-image-155 aligncenter\" src=\"http:\/\/www.asambleasaavedra.mdc.com.ar\/wp-content\/uploads\/Taller-6-300x225.jpg\" alt=\"Taller 6\" width=\"413\" height=\"310\" srcset=\"http:\/\/asambleasaavedra.mdc.com.ar\/wp-content\/uploads\/Taller-6-300x225.jpg 300w, http:\/\/asambleasaavedra.mdc.com.ar\/wp-content\/uploads\/Taller-6.jpg 448w\" sizes=\"auto, (max-width: 413px) 100vw, 413px\" \/><\/a><\/p>\n<p style=\"text-align: center;\"><a href=\"http:\/\/www.asambleasaavedra.mdc.com.ar\/wp-content\/uploads\/logofi.jpg\" rel=\"attachment wp-att-199\"><img loading=\"lazy\" decoding=\"async\" class=\"alignnone size-full wp-image-199\" src=\"http:\/\/www.asambleasaavedra.mdc.com.ar\/wp-content\/uploads\/logofi.jpg\" alt=\"logofi\" width=\"421\" height=\"85\"><\/a><br \/>\n<span style=\"font-family: 'Roboto Condensed', sans-serif; font-size: 1.8rem; line-height: 1.5;\"><a href=\"mailto:info@asambleasaavedra.com.ar\">info@asambleasaavedra.com.ar<\/a><\/span><span style=\"font-family: 'Roboto Condensed', sans-serif; font-size: 1.8rem; font-weight: bold; line-height: 1.5;\"><br \/>\nTaller sobre riesgo de inundaciones en Saavedra<\/span><\/p>\n<a class=\"synved-social-button synved-social-button-share synved-social-size-48 synved-social-resolution-single synved-social-provider-facebook nolightbox\" data-provider=\"facebook\" target=\"_blank\" rel=\"nofollow\" title=\"Share on Facebook\" href=\"http:\/\/www.facebook.com\/sharer.php?u=http%3A%2F%2Fasambleasaavedra.mdc.com.ar%2Findex.php%3Frest_route%3D%252Fwp%252Fv2%252Fposts%252F146&#038;t=Taller%20sobre%20riesgo%20de%20inundaciones%20en%20Saavedra&#038;s=100&#038;p&#091;url&#093;=http%3A%2F%2Fasambleasaavedra.mdc.com.ar%2Findex.php%3Frest_route%3D%252Fwp%252Fv2%252Fposts%252F146&#038;p&#091;images&#093;&#091;0&#093;=http%3A%2F%2Fasambleasaavedra.mdc.com.ar%2Fwp-content%2Fuploads%2Finundaciones-en-Bo-Saavedra-abril-1024-752x440-1.jpg&#038;p&#091;title&#093;=Taller%20sobre%20riesgo%20de%20inundaciones%20en%20Saavedra\" style=\"font-size: 0px;width:48px;height:48px;margin:0;margin-bottom:5px;margin-right:5px\"><img loading=\"lazy\" decoding=\"async\" alt=\"Facebook\" title=\"Share on Facebook\" class=\"synved-share-image synved-social-image synved-social-image-share\" width=\"48\" height=\"48\" style=\"display: inline;width:48px;height:48px;margin: 0;padding: 0;border: none;box-shadow: none\" src=\"http:\/\/asambleasaavedra.mdc.com.ar\/wp-content\/plugins\/social-media-feather\/synved-social\/image\/social\/regular\/96x96\/facebook.png\" \/><\/a><a class=\"synved-social-button synved-social-button-share synved-social-size-48 synved-social-resolution-single synved-social-provider-twitter nolightbox\" data-provider=\"twitter\" target=\"_blank\" rel=\"nofollow\" title=\"Share on Twitter\" href=\"https:\/\/twitter.com\/intent\/tweet?url=http%3A%2F%2Fasambleasaavedra.mdc.com.ar%2Findex.php%3Frest_route%3D%252Fwp%252Fv2%252Fposts%252F146&#038;text=Hey%20check%20this%20out\" style=\"font-size: 0px;width:48px;height:48px;margin:0;margin-bottom:5px\"><img loading=\"lazy\" decoding=\"async\" alt=\"twitter\" title=\"Share on Twitter\" class=\"synved-share-image synved-social-image synved-social-image-share\" width=\"48\" height=\"48\" style=\"display: inline;width:48px;height:48px;margin: 0;padding: 0;border: none;box-shadow: none\" src=\"http:\/\/asambleasaavedra.mdc.com.ar\/wp-content\/plugins\/social-media-feather\/synved-social\/image\/social\/regular\/96x96\/twitter.png\" \/><\/a>","protected":false},"excerpt":{"rendered":"Inundaci\u00f3n en el barrio Saavedra, Ciudad de Buenos Aires, abril 2013 El s\u00e1bado 15 de agosto la Asamblea de vecinos inundados de Saavedra \n<a class=\"moretag\" href=\"http:\/\/asambleasaavedra.mdc.com.ar\/?p=146\"> [...]<\/a>","protected":false},"author":1,"featured_media":538,"comment_status":"open","ping_status":"open","sticky":false,"template":"","format":"standard","meta":{"_exactmetrics_skip_tracking":false,"_exactmetrics_sitenote_active":false,"_exactmetrics_sitenote_note":"","_exactmetrics_sitenote_category":0,"footnotes":""},"categories":[10,3,1],"tags":[],"class_list":["post-146","post","type-post","status-publish","format-standard","has-post-thumbnail","hentry","category-actividades","category-asamblea","category-sin-categoria"],"_links":{"self":[{"href":"http:\/\/asambleasaavedra.mdc.com.ar\/index.php?rest_route=\/wp\/v2\/posts\/146","targetHints":{"allow":["GET"]}}],"collection":[{"href":"http:\/\/asambleasaavedra.mdc.com.ar\/index.php?rest_route=\/wp\/v2\/posts"}],"about":[{"href":"http:\/\/asambleasaavedra.mdc.com.ar\/index.php?rest_route=\/wp\/v2\/types\/post"}],"author":[{"embeddable":true,"href":"http:\/\/asambleasaavedra.mdc.com.ar\/index.php?rest_route=\/wp\/v2\/users\/1"}],"replies":[{"embeddable":true,"href":"http:\/\/asambleasaavedra.mdc.com.ar\/index.php?rest_route=%2Fwp%2Fv2%2Fcomments&post=146"}],"version-history":[{"count":13,"href":"http:\/\/asambleasaavedra.mdc.com.ar\/index.php?rest_route=\/wp\/v2\/posts\/146\/revisions"}],"predecessor-version":[{"id":539,"href":"http:\/\/asambleasaavedra.mdc.com.ar\/index.php?rest_route=\/wp\/v2\/posts\/146\/revisions\/539"}],"wp:featuredmedia":[{"embeddable":true,"href":"http:\/\/asambleasaavedra.mdc.com.ar\/index.php?rest_route=\/wp\/v2\/media\/538"}],"wp:attachment":[{"href":"http:\/\/asambleasaavedra.mdc.com.ar\/index.php?rest_route=%2Fwp%2Fv2%2Fmedia&parent=146"}],"wp:term":[{"taxonomy":"category","embeddable":true,"href":"http:\/\/asambleasaavedra.mdc.com.ar\/index.php?rest_route=%2Fwp%2Fv2%2Fcategories&post=146"},{"taxonomy":"post_tag","embeddable":true,"href":"http:\/\/asambleasaavedra.mdc.com.ar\/index.php?rest_route=%2Fwp%2Fv2%2Ftags&post=146"}],"curies":[{"name":"wp","href":"https:\/\/api.w.org\/{rel}","templated":true}]}}