{"id":115,"date":"2015-08-14T16:36:25","date_gmt":"2015-08-14T16:36:25","guid":{"rendered":"http:\/\/www.asambleasaavedra.mdc.com.ar\/?p=115"},"modified":"2016-06-06T02:17:45","modified_gmt":"2016-06-06T02:17:45","slug":"documento-leido-el-31-de-marzo-de-2015-en-la-marcha-realizada-a-dos-anos-del-2-de-abril-de-2013","status":"publish","type":"post","link":"http:\/\/asambleasaavedra.mdc.com.ar\/?p=115","title":{"rendered":"DOCUMENTO LE\u00cdDO EL 31 DE MARZO DE 2015, EN LA MARCHA REALIZADA A DOS A\u00d1OS DEL 2 DE ABRIL DE 2013."},"content":{"rendered":"<p style=\"text-align: justify;\"><a href=\"http:\/\/www.asambleasaavedra.mdc.com.ar\/wp-content\/uploads\/aaa.jpg\"><img loading=\"lazy\" decoding=\"async\" class=\" size-medium wp-image-117 alignleft\" src=\"http:\/\/www.asambleasaavedra.mdc.com.ar\/wp-content\/uploads\/aaa-300x199.jpg\" alt=\"aaa\" width=\"300\" height=\"199\" srcset=\"http:\/\/asambleasaavedra.mdc.com.ar\/wp-content\/uploads\/aaa-300x199.jpg 300w, http:\/\/asambleasaavedra.mdc.com.ar\/wp-content\/uploads\/aaa.jpg 960w\" sizes=\"auto, (max-width: 300px) 100vw, 300px\" \/><\/a>Hace dos a\u00f1os, el 2 de abril de 2013 tuvo lugar un evento extremo. Pero un evento extremo por s\u00ed s\u00f3lo no determina necesariamente la p\u00e9rdida de tantas vidas humanas.<\/p>\n<p style=\"text-align: justify;\">Un territorio no preparado, con intensas precipitaciones pluviales que alcanzaron niveles superiores a los ciento cincuenta mil\u00edmetros, sumado a la desidia e incompetencia del Gobierno de la Ciudad de Buenos por NO mantener la infraestructura, la limpieza del Arroyo, y un sistema de prevenci\u00f3n, causaron la m\u00e1s grave inundaci\u00f3n de la historia en la cuenca del Arroyo Medrano, dejando un saldo de seis vecinos muertos en el Barrio Saavedra, del total de las ocho v\u00edctimas fatales en la Ciudad de Buenos Aires y el \u00e1rea metropolitana. Eso, adem\u00e1s de las p\u00e9rdidas materiales, afectivas, y el da\u00f1o psicol\u00f3gico postraum\u00e1tico irreversible que viven los vecinos ante cada anuncio de tormenta.<\/p>\n<p style=\"text-align: justify;\">Los Estados son se\u00f1ores de la vida y de la muerte de las personas cuando se incumplen los derechos humanos de los ciudadanos que, solamente procuran poder desarrollarse en espacios donde el Estado garantice adecuadamente, derechos tales como el acceso a una vivienda digna, a la provisi\u00f3n de servicios p\u00fablicos, a la atenci\u00f3n de la salud, a la educaci\u00f3n, al transporte y a tantos otros derechos que, las inundaciones de las manos de la negligencia, impericia o imprudencia de los funcionarios, tornaron en simples declamaciones vac\u00edas de contenido, y eso es tambi\u00e9n condenar a muerte a las poblaciones por m\u00e1s que no sea una pena de muerte formal.<\/p>\n<p style=\"text-align: justify;\">Los vecinos de la Asamblea de Saavedra estamos unidos y trabajamos incasablemente para el bienestar de todos, con la convicci\u00f3n que nos da el conocimiento de saber que podemos no inundarnos m\u00e1s si se hicieran todas la obras necesarias, pero tambi\u00e9n con la fuerza que nos da nuestro propio sufrimiento y la profunda tristeza que dejaron nuestros muertos por la inundaci\u00f3n, los que siempre estar\u00e1n presentes, y vivir\u00e1n en nosotros:<\/p>\n<p style=\"text-align: justify;\">Por:<br \/>\nLuna Nicol\u00e1s<br \/>\nRoberto Horacio Sampellegrini<br \/>\nArturo Otto Kaerger<br \/>\nAntonio Villaers<br \/>\nMartha Susana Gonz\u00e1lez<br \/>\nEduviges Olivera<br \/>\nRicardo Caporale<br \/>\nSof\u00eda Nicola<\/p>\n<p style=\"text-align: justify;\">PEDIMOS UN MINUTO DE SILENCIO EN HOMENAJE A NUESTRAS VICTIMAS<\/p>\n<p style=\"text-align: justify;\"><a href=\"http:\/\/www.asambleasaavedra.mdc.com.ar\/wp-content\/uploads\/ccc.jpg\"><img loading=\"lazy\" decoding=\"async\" class=\" size-medium wp-image-118 alignright\" src=\"http:\/\/www.asambleasaavedra.mdc.com.ar\/wp-content\/uploads\/ccc-300x199.jpg\" alt=\"ccc\" width=\"300\" height=\"199\" srcset=\"http:\/\/asambleasaavedra.mdc.com.ar\/wp-content\/uploads\/ccc-300x199.jpg 300w, http:\/\/asambleasaavedra.mdc.com.ar\/wp-content\/uploads\/ccc.jpg 960w\" sizes=\"auto, (max-width: 300px) 100vw, 300px\" \/><\/a>Todav\u00eda hoy no conocemos con exactitud el desarrollo temporal y espacial de la tormenta del 2 de abril.<\/p>\n<p style=\"text-align: justify;\">Despu\u00e9s, del 2 de abril del 2013, solo escuchamos respuestas desvergonzadas:<\/p>\n<p style=\"text-align: justify;\">\u201cQue hab\u00eda sido una lluvia excepcional\u201d, cuando en Diciembre del a\u00f1o anterior, con una lluvia menor hab\u00edan usado el mismo argumento, sabiendo nosotros que el sistema pluvial es obsoleto en la Cuenca del Medrano.<\/p>\n<p style=\"text-align: justify;\">\u201cQue el entubamiento del Arroyo Medrano se limpiaba solo\u201d, para no admitir la falta absoluta de mantenimiento, cuesti\u00f3n que nosotros demostramos con una simple inspecci\u00f3n.<\/p>\n<p style=\"text-align: justify;\">\u201cQue pusieron a disposici\u00f3n todos los organismos de Emergencias\u201d, cuando nosotros, los afectados directos sabemos que no hubo ning\u00fan tipo de respuesta ante el desastre, y la ayuda fue \u00fanicamente entre los propios vecinos.<\/p>\n<p style=\"text-align: justify;\">Pero las \u00fanicas respuestas en estos dos a\u00f1os basada en los hechos vividos, (no en las falsa interpretaciones citadas por los distintos funcionarios) las encontramos nosotros. Para ello, recorrimos todos los caminos posibles, buscando soluciones, nos informamos, denunciamos, y tratamos de transmitir a nuestros vecinos lo que aprendimos.<\/p>\n<p style=\"text-align: justify;\">As\u00ed se logr\u00f3 la limpieza de parte del Arroyo, el dragado, la construcci\u00f3n del Reservorio del Parque Sarmiento, y el agregado de algunos sumideros.<\/p>\n<p style=\"text-align: justify;\">Las obras citadas, fueron arrancadas al gobierno de la ciudad, por la enorme lucha de las Asambleas de Inundados de Barrio Mitre y de Saavedra. Fue en las reuniones \u201ct\u00e9cnicas\u201d entre funcionarios de la ciudad y miembros de las asambleas de donde se acord\u00f3 la construcci\u00f3n de estos reservorios. Por el Decreto 65\/13 la cuenca del Medrano fue excluida del presupuesto de obras del Plan Maestro. Y m\u00e1s a\u00fan, las partidas asignadas a obras h\u00eddricas de prevenci\u00f3n y mantenimiento fueron sub ejecutadas en el presupuesto 2013.<\/p>\n<p style=\"text-align: justify;\">Pero tambi\u00e9n sabemos que esas obras, m\u00e1s alguna m\u00e1s que puedan hacer, s\u00f3lo servir\u00e1n para Mitigar las consecuencias de una nueva inundaci\u00f3n.<\/p>\n<p style=\"text-align: justify;\">Hoy, dos a\u00f1os despu\u00e9s, las autoridades han avanzado muy poco para alcanzar la soluci\u00f3n integral al problema de las inundaciones, creando una falsa sensaci\u00f3n de seguridad a los vecinos que habitan en la cuenca del Arroyo Medrano.<\/p>\n<p style=\"text-align: justify;\">Cuando desde las Asambleas decimos que \u201cSaavedra no Duerme Cuando Llueve\u201d, estamos alertando por la falta de un Plan de Contingencia y Alerta Temprana, que sabemos que no existe, y del cual el Gobierno de la Ciudad no se hace cargo.<\/p>\n<p style=\"text-align: justify;\">Las lluvias que causaron las \u00faltimas inundaciones en las provincias del centro del pa\u00eds, C\u00f3rdoba, Santa Fe, San Luis, Santiago del Estero, Buenos Aires, nos indican que s\u00f3lo el azar hace que no coincida una de las llamadas meteorol\u00f3gicamente \u201cSupercelda\u201d con las coordenadas de nuestra Ciudad, a pesar de ello, como dijimos, el Gobierno de la Ciudad no tiene ning\u00fan plan de respuesta.<\/p>\n<p style=\"text-align: justify;\">Como si esto no fuera suficiente para preocuparnos, est\u00e1n construyendo el Metrob\u00fas de Av. Cabildo que eleva a\u00fan m\u00e1s el dique que genera dicha avenida a la escorrent\u00eda del agua de superficie, sin realizar ninguna obra hidr\u00e1ulica en paralelo, pese a nuestras advertencias. Proyectan un T\u00fanel en Av. Balb\u00edn, que adem\u00e1s de la complicaci\u00f3n hidr\u00e1ulica, genera un aislamiento de las zonas m\u00e1s vulnerables del Barrio con los Centros de Emergencias.<\/p>\n<p style=\"text-align: justify;\">Luego de dos a\u00f1os de participaci\u00f3n comprometida, seguimos exigiendo:<br \/>\nPlan de Contingencia y Alerta Temprana, con participaci\u00f3n de expertos especialistas y vecinos afectados en su elaboraci\u00f3n.<\/p>\n<p style=\"text-align: justify;\">Plan de limpieza, dragado, y mantenimiento del Arroyo, reglamentado, con regularidad y control de los vecinos.<\/p>\n<p style=\"text-align: justify;\">Puesta en funcionamiento del Comit\u00e9 de Cuenca con participaci\u00f3n de los vecinos en la elaboraci\u00f3n y control de los proyectos, acorde a lo normado en la Ley Nacional 25.688, de cumplimiento obligatorio, por las distintas jurisdicciones y que afirma que las cuencas h\u00eddricas como unidad de gesti\u00f3n del recurso se consideran indivisibles.<\/p>\n<p style=\"text-align: justify;\">La situaci\u00f3n actual de vulnerabilidad frente a las inundaciones pone de manifiesto la necesidad de encarar estudios de detalle, que analicen la interacci\u00f3n de los aspectos naturales y antr\u00f3picos, es decir todas las modificaciones que sufre nuestro barrio debidos a la acci\u00f3n humana y que intervienen en el fen\u00f3meno.<\/p>\n<p>Esa informaci\u00f3n es indispensable tanto para el dise\u00f1o de obras de infraestructura, como as\u00ed tambi\u00e9n para la implementaci\u00f3n de medidas no estructurales y pol\u00edticas de prevenci\u00f3n, que debieran elaborarse en forma conjunta con los distintos actores de la sociedad involucrados.<\/p>\n<p style=\"text-align: justify;\">Es preciso destacar la importancia de propiciar una efectiva PARTICIPACION SOCIAL de los vecinos que habitan la Cuenca H\u00eddrica del Arroyo Medrano en las decisiones sobre la materia, toda vez que son ellos quienes hist\u00f3ricamente han padecido las consecuencias de las inundaciones. La efectividad de las pol\u00edticas p\u00fablicas dif\u00edcilmente se lograr\u00e1 si, al trabajo de los profesionales, no se suma la visi\u00f3n de los ciudadanos y ciudadanos que habitan la Cuenca.<\/p>\n<p style=\"text-align: justify;\">Por ello solicitamos acceso a toda la informaci\u00f3n de obras proyectadas por el Gobierno de la Ciudad que pudieran afectar o agravar la situaci\u00f3n hidr\u00e1ulica en nuestra zona. Ya tuvimos las experiencias negativas de obras inconsultas realizadas por este Gobierno, como el \u201csapito de la calle Arias\u201d y el desagote del shopping Dot a contracorriente, que empeoraron la situaci\u00f3n del Barrio Mitre. La resistencia de estas Asambleas pudo frenar el proyecto del Muro perimetral del Barrio Mitre, cuyas consecuencias hubieran sido desastrosas.<\/p>\n<p style=\"text-align: justify;\">Elaborar por cuenca modelos que permitan simular la respuesta de los sistemas de desag\u00fce como herramienta de decisi\u00f3n y planificaci\u00f3n, desarrollar sistemas de alerta, elaborar los planes de contingencia, contar con un programa sistem\u00e1tico de mantenimiento y limpieza de sumideros, no requiere de financiamiento internacional, tan s\u00f3lo de la voluntad de nuestros representantes de los distintos espacios partidarios para el dise\u00f1o de las citadas pol\u00edticas p\u00fablicas.<\/p>\n<p style=\"text-align: justify;\">La inundaci\u00f3n padecida el 2 de abril del 2013, irrumpi\u00f3 en la vida de miles de ciudadanos que aquella madrugada despertaron, de distintas maneras, con el agua de lluvia como elemento peligroso.<\/p>\n<p style=\"text-align: justify;\">Al tratarse de un hecho que afect\u00f3 a miles de personas, el trauma excede el l\u00edmite personal. La tramitaci\u00f3n del mismo requiere tambi\u00e9n, de la respuesta social y del Estado.<\/p>\n<p style=\"text-align: justify;\">Sabemos que la inundaci\u00f3n del 2 de abril de 2013, en la que sufrimos p\u00e9rdidas de vidas, de bienes materiales y afectivos, fue la anterior a la que vendr\u00e1, porque ya ha ocurrido antes del 2 de abril de 2013 y corremos el riesgo de que siga ocurriendo, por todo lo expuesto los vecinos de las asambleas convocantes nos mantendremos movilizados hasta tanto tengamos una respuesta ampliamente satisfactoria a nuestros reclamos.<\/p>\n<p style=\"text-align: justify;\"><a href=\"http:\/\/www.asambleasaavedra.mdc.com.ar\/wp-content\/uploads\/hhh.jpg\"><img loading=\"lazy\" decoding=\"async\" class=\" size-medium wp-image-120 aligncenter\" src=\"http:\/\/www.asambleasaavedra.mdc.com.ar\/wp-content\/uploads\/hhh-300x199.jpg\" alt=\"hhh\" width=\"300\" height=\"199\" srcset=\"http:\/\/asambleasaavedra.mdc.com.ar\/wp-content\/uploads\/hhh-300x199.jpg 300w, http:\/\/asambleasaavedra.mdc.com.ar\/wp-content\/uploads\/hhh.jpg 960w\" sizes=\"auto, (max-width: 300px) 100vw, 300px\" \/><\/a><\/p>\n<h4 style=\"text-align: center;\">Por eso las asambleas aqu\u00ed presentes sabemos y<br \/>\ndecimos que<br \/>\n\u201cSAAVEDRA NO DUERMEN CUANDO LLUEVE\u201d.<\/h4>\n<a class=\"synved-social-button synved-social-button-share synved-social-size-48 synved-social-resolution-single synved-social-provider-facebook nolightbox\" data-provider=\"facebook\" target=\"_blank\" rel=\"nofollow\" title=\"Share on Facebook\" href=\"http:\/\/www.facebook.com\/sharer.php?u=http%3A%2F%2Fasambleasaavedra.mdc.com.ar%2Findex.php%3Frest_route%3D%252Fwp%252Fv2%252Fposts%252F115&#038;t=DOCUMENTO%20LE%C3%8DDO%20EL%2031%20DE%20MARZO%20DE%202015%2C%20EN%20LA%20MARCHA%20REALIZADA%20A%20DOS%20A%C3%91OS%20DEL%202%20DE%20ABRIL%20DE%202013.&#038;s=100&#038;p&#091;url&#093;=http%3A%2F%2Fasambleasaavedra.mdc.com.ar%2Findex.php%3Frest_route%3D%252Fwp%252Fv2%252Fposts%252F115&#038;p&#091;images&#093;&#091;0&#093;=http%3A%2F%2Fasambleasaavedra.mdc.com.ar%2Fwp-content%2Fuploads%2Fbbb860.jpg&#038;p&#091;title&#093;=DOCUMENTO%20LE%C3%8DDO%20EL%2031%20DE%20MARZO%20DE%202015%2C%20EN%20LA%20MARCHA%20REALIZADA%20A%20DOS%20A%C3%91OS%20DEL%202%20DE%20ABRIL%20DE%202013.\" style=\"font-size: 0px;width:48px;height:48px;margin:0;margin-bottom:5px;margin-right:5px\"><img loading=\"lazy\" decoding=\"async\" alt=\"Facebook\" title=\"Share on Facebook\" class=\"synved-share-image synved-social-image synved-social-image-share\" width=\"48\" height=\"48\" style=\"display: inline;width:48px;height:48px;margin: 0;padding: 0;border: none;box-shadow: none\" src=\"http:\/\/asambleasaavedra.mdc.com.ar\/wp-content\/plugins\/social-media-feather\/synved-social\/image\/social\/regular\/96x96\/facebook.png\" \/><\/a><a class=\"synved-social-button synved-social-button-share synved-social-size-48 synved-social-resolution-single synved-social-provider-twitter nolightbox\" data-provider=\"twitter\" target=\"_blank\" rel=\"nofollow\" title=\"Share on Twitter\" href=\"https:\/\/twitter.com\/intent\/tweet?url=http%3A%2F%2Fasambleasaavedra.mdc.com.ar%2Findex.php%3Frest_route%3D%252Fwp%252Fv2%252Fposts%252F115&#038;text=Hey%20check%20this%20out\" style=\"font-size: 0px;width:48px;height:48px;margin:0;margin-bottom:5px\"><img loading=\"lazy\" decoding=\"async\" alt=\"twitter\" title=\"Share on Twitter\" class=\"synved-share-image synved-social-image synved-social-image-share\" width=\"48\" height=\"48\" style=\"display: inline;width:48px;height:48px;margin: 0;padding: 0;border: none;box-shadow: none\" src=\"http:\/\/asambleasaavedra.mdc.com.ar\/wp-content\/plugins\/social-media-feather\/synved-social\/image\/social\/regular\/96x96\/twitter.png\" \/><\/a>","protected":false},"excerpt":{"rendered":"Hace dos a\u00f1os, el 2 de abril de 2013 tuvo lugar un evento extremo. Pero un evento extremo por s\u00ed s\u00f3lo no determina \n<a class=\"moretag\" href=\"http:\/\/asambleasaavedra.mdc.com.ar\/?p=115\"> [...]<\/a>","protected":false},"author":1,"featured_media":177,"comment_status":"open","ping_status":"open","sticky":false,"template":"","format":"standard","meta":{"_exactmetrics_skip_tracking":false,"_exactmetrics_sitenote_active":false,"_exactmetrics_sitenote_note":"","_exactmetrics_sitenote_category":0,"footnotes":""},"categories":[4,12],"tags":[],"class_list":["post-115","post","type-post","status-publish","format-standard","has-post-thumbnail","hentry","category-documentos","category-marchas"],"_links":{"self":[{"href":"http:\/\/asambleasaavedra.mdc.com.ar\/index.php?rest_route=\/wp\/v2\/posts\/115","targetHints":{"allow":["GET"]}}],"collection":[{"href":"http:\/\/asambleasaavedra.mdc.com.ar\/index.php?rest_route=\/wp\/v2\/posts"}],"about":[{"href":"http:\/\/asambleasaavedra.mdc.com.ar\/index.php?rest_route=\/wp\/v2\/types\/post"}],"author":[{"embeddable":true,"href":"http:\/\/asambleasaavedra.mdc.com.ar\/index.php?rest_route=\/wp\/v2\/users\/1"}],"replies":[{"embeddable":true,"href":"http:\/\/asambleasaavedra.mdc.com.ar\/index.php?rest_route=%2Fwp%2Fv2%2Fcomments&post=115"}],"version-history":[{"count":2,"href":"http:\/\/asambleasaavedra.mdc.com.ar\/index.php?rest_route=\/wp\/v2\/posts\/115\/revisions"}],"predecessor-version":[{"id":121,"href":"http:\/\/asambleasaavedra.mdc.com.ar\/index.php?rest_route=\/wp\/v2\/posts\/115\/revisions\/121"}],"wp:featuredmedia":[{"embeddable":true,"href":"http:\/\/asambleasaavedra.mdc.com.ar\/index.php?rest_route=\/wp\/v2\/media\/177"}],"wp:attachment":[{"href":"http:\/\/asambleasaavedra.mdc.com.ar\/index.php?rest_route=%2Fwp%2Fv2%2Fmedia&parent=115"}],"wp:term":[{"taxonomy":"category","embeddable":true,"href":"http:\/\/asambleasaavedra.mdc.com.ar\/index.php?rest_route=%2Fwp%2Fv2%2Fcategories&post=115"},{"taxonomy":"post_tag","embeddable":true,"href":"http:\/\/asambleasaavedra.mdc.com.ar\/index.php?rest_route=%2Fwp%2Fv2%2Ftags&post=115"}],"curies":[{"name":"wp","href":"https:\/\/api.w.org\/{rel}","templated":true}]}}